{"id":38234,"date":"2026-04-30T08:00:58","date_gmt":"2026-04-30T13:00:58","guid":{"rendered":"https:\/\/kukulkannoticias.com\/?p=38234"},"modified":"2026-04-30T13:25:30","modified_gmt":"2026-04-30T13:25:30","slug":"monreal-encabeza-premiacion-de-concurso-infantil-de-dibujo-en-san-lazaro","status":"publish","type":"post","link":"https:\/\/kukulkannoticias.com\/?p=38234","title":{"rendered":"Monreal encabeza premiaci\u00f3n de concurso infantil de dibujo en San L\u00e1zaro"},"content":{"rendered":"<p>\ud83d\udd38 La actividad busc\u00f3 impulsar la creatividad y fortalecer la formaci\u00f3n integral de ni\u00f1as y ni\u00f1os a trav\u00e9s del arte.<\/p>\n<p>#CDMX | El presidente de la Junta de Coordinaci\u00f3n Pol\u00edtica, el diputado Ricardo Monreal \u00c1vila, encabez\u00f3 la ceremonia de premiaci\u00f3n del concurso de dibujo \u201cLa C\u00e1mara de Diputados desde la Mirada Infantil\u201d, organizado por el Centro de Desarrollo Infantil (Cendi) \u201cAntonia Nava de Catal\u00e1n\u201d y la revista C\u00e1mara. Periodismo Legislativo.<\/p>\n<p>El evento se llev\u00f3 a cabo en las instalaciones del Cendi, ubicadas en el Palacio Legislativo de San L\u00e1zaro, como parte de las actividades formativas del centro educativo, orientadas a fortalecer el desarrollo integral de ni\u00f1as y ni\u00f1os mediante la expresi\u00f3n art\u00edstica.<\/p>\n<p>Durante su intervenci\u00f3n, el legislador agradeci\u00f3 la labor de las y los docentes del Cendi, donde 40 maestras y maestros atienden a una comunidad de 120 ni\u00f1as y ni\u00f1os. Destac\u00f3 la importancia de este tipo de iniciativas en el marco del D\u00eda del Ni\u00f1o.<\/p>\n<p>\u201cMe da gusto que hayan organizado este evento con motivo del D\u00eda del Ni\u00f1o, porque con este concurso se comienza a despertar en el ni\u00f1o el arte, la cultura, la imaginaci\u00f3n, la creatividad\u201d, expres\u00f3.<\/p>\n<p>Monreal \u00c1vila subray\u00f3 la calidad de los trabajos presentados, al se\u00f1alar que los dibujos premiados son \u201cextraordinarios\u201d y reconoci\u00f3 el potencial de las y los participantes. \u201cSeguramente aqu\u00ed hay en estos ni\u00f1os sentados los futuros j\u00f3venes ciudadanos de M\u00e9xico: artistas, creadores, pol\u00edticos, administradores\u201d, a\u00f1adi\u00f3, al tiempo que felicit\u00f3 a las madres, padres y docentes.<\/p>\n<p>El concurso tuvo como objetivo reconocer la creatividad, la imaginaci\u00f3n, la motricidad fina y la capacidad de comunicar ideas y emociones a trav\u00e9s del dibujo, en un ambiente de participaci\u00f3n, respeto e inclusi\u00f3n. Asimismo, se valor\u00f3 el entusiasmo y la dedicaci\u00f3n de las y los concursantes al plasmar su visi\u00f3n de la C\u00e1mara de Diputados.<\/p>\n<p>Los trabajos fueron evaluados por un jurado integrado por el propio diputado y su equipo, bajo criterios previamente establecidos como creatividad y originalidad, uso del color, expresi\u00f3n del tema, as\u00ed como esfuerzo y dedicaci\u00f3n.<\/p>\n<p>En la categor\u00eda de Preescolar 1, el primer lugar fue para Irma Fernanda Garay Loredo; el segundo lugar lo obtuvo Mario Mateo L\u00f3pez Soto y el tercero \u00c1ngel Fern\u00e1ndez Rodr\u00edguez.<\/p>\n<p>En Preescolar 2, el primer sitio fue para Emily Marlene Le\u00f3n Meza; el segundo para Thiago Fabi\u00e1n Gamboa y el tercero para Samuel Israel S\u00e1nchez de la Cruz.<\/p>\n<p>En tanto, en Preescolar 3, los ganadores fueron Amelia Danae Rioja Santos, en primer lugar; Natalia Contreras S\u00e1nchez, en segundo, y Leonardo Od\u00edn F\u00e9lix Miranda, en tercero.<\/p>\n<p>Al finalizar la ceremonia, el legislador entreg\u00f3 diplomas y obsequios a todas y todos los participantes, reconociendo su esfuerzo y dedicaci\u00f3n.<\/p>\n","protected":false},"excerpt":{"rendered":"<p>\ud83d\udd38 La actividad busc\u00f3 impulsar la creatividad y fortalecer la formaci\u00f3n integral de ni\u00f1as y ni\u00f1os a trav\u00e9s del arte. #CDMX | El presidente de la Junta de Coordinaci\u00f3n Pol\u00edtica, &hellip; <a href=\"https:\/\/kukulkannoticias.com\/?p=38234\" class=\"more-link\">Leer m\u00e1s<\/a><\/p>\n","protected":false},"author":1,"featured_media":38236,"comment_status":"open","ping_status":"closed","sticky":false,"template":"","format":"standard","meta":{"footnotes":""},"categories":[52,5],"tags":[],"class_list":["post-38234","post","type-post","status-publish","format-standard","has-post-thumbnail","hentry","category-cdmx","category-nacional","entry"],"_links":{"self":[{"href":"https:\/\/kukulkannoticias.com\/index.php?rest_route=\/wp\/v2\/posts\/38234","targetHints":{"allow":["GET"]}}],"collection":[{"href":"https:\/\/kukulkannoticias.com\/index.php?rest_route=\/wp\/v2\/posts"}],"about":[{"href":"https:\/\/kukulkannoticias.com\/index.php?rest_route=\/wp\/v2\/types\/post"}],"author":[{"embeddable":true,"href":"https:\/\/kukulkannoticias.com\/index.php?rest_route=\/wp\/v2\/users\/1"}],"replies":[{"embeddable":true,"href":"https:\/\/kukulkannoticias.com\/index.php?rest_route=%2Fwp%2Fv2%2Fcomments&post=38234"}],"version-history":[{"count":1,"href":"https:\/\/kukulkannoticias.com\/index.php?rest_route=\/wp\/v2\/posts\/38234\/revisions"}],"predecessor-version":[{"id":38235,"href":"https:\/\/kukulkannoticias.com\/index.php?rest_route=\/wp\/v2\/posts\/38234\/revisions\/38235"}],"wp:featuredmedia":[{"embeddable":true,"href":"https:\/\/kukulkannoticias.com\/index.php?rest_route=\/wp\/v2\/media\/38236"}],"wp:attachment":[{"href":"https:\/\/kukulkannoticias.com\/index.php?rest_route=%2Fwp%2Fv2%2Fmedia&parent=38234"}],"wp:term":[{"taxonomy":"category","embeddable":true,"href":"https:\/\/kukulkannoticias.com\/index.php?rest_route=%2Fwp%2Fv2%2Fcategories&post=38234"},{"taxonomy":"post_tag","embeddable":true,"href":"https:\/\/kukulkannoticias.com\/index.php?rest_route=%2Fwp%2Fv2%2Ftags&post=38234"}],"curies":[{"name":"wp","href":"https:\/\/api.w.org\/{rel}","templated":true}]}}